{"id":21881,"date":"2022-01-31T01:44:20","date_gmt":"2022-01-31T00:44:20","guid":{"rendered":"https:\/\/www.adsafe.org\/?p=21881"},"modified":"2022-01-31T01:44:20","modified_gmt":"2022-01-31T00:44:20","slug":"amanda-nunes-vermoegen","status":"publish","type":"post","link":"https:\/\/www.projectliberty.org\/de\/amanda-nunes-vermoegen\/","title":{"rendered":"Amanda Nunes Verm\u00f6gen"},"content":{"rendered":"<div id=\"mvp-content-main\" readability=\"152.06670602125\">\n<p>Was ist Amanda Nunes&#8216; Verm\u00f6gen?<\/p>\n<h4><\/h4>\n<table id=\"tablepress-682\" class=\"tablepress tablepress-id-682\">\n<tbody>\n<thead>\n<tr class=\"row-1 odd\">\n<th class=\"column-1\">Verm\u00f6gen:<\/th>\n<th class=\"column-2\">$4 Millionen<\/th>\n<\/tr>\n<\/thead>\n<\/tbody>\n<tbody class=\"row-hover\">\n<tr class=\"row-2 even\">\n<td class=\"column-1\">Alter:<\/td>\n<td class=\"column-2\">32<\/td>\n<\/tr>\n<tr class=\"row-3 odd\">\n<td class=\"column-1\">Geboren:<\/td>\n<td class=\"column-2\">Mai 30, 1988<\/td>\n<\/tr>\n<tr class=\"row-4 even\">\n<td class=\"column-1\">Herkunftsland:<\/td>\n<td class=\"column-2\">Brasilien<\/td>\n<\/tr>\n<tr class=\"row-5 odd\">\n<td class=\"column-1\">Quelle des Reichtums:<\/td>\n<td class=\"column-2\">Professioneller MMA-K\u00e4mpfer<\/td>\n<\/tr>\n<tr class=\"row-6 even\">\n<td class=\"column-1\">Letzte Aktualisierung:<\/td>\n<td class=\"column-2\">2021<\/td>\n<\/tr>\n<\/tbody>\n<\/table>\n<h2>Einleitung<\/h2>\n<p>Amanda Nunes&#8216; Verm\u00f6gen wird f\u00fcr das Jahr 2022 auf 4 Millionen Dollar gesch\u00e4tzt. <\/p>\n<p>Amanda Nunes ist eine brasilianische Mixed Martial Artist, die derzeit f\u00fcr die Ultimate Fighting Championship (UFC) k\u00e4mpft, wo sie sowohl im Bantamgewicht als auch im Federgewicht der Frauen der amtierende Champion ist.<\/p>\n<p>Sie ist die erste Frau in der Geschichte der UFC, die Champion in zwei Divisionen wurde. <\/p>\n<\/p>\n<h2>Fr\u00fches Leben<\/h2>\n<p>Amanda Nunes wurde am 30. Mai 1988 in Salvador, Brasilien, geboren. Sie begann im Alter von vier Jahren mit dem Karatetraining und setzte ihr Training im Boxen im Alter von sechzehn Jahren fort.<\/p>\n<p>Sie nahm zum ersten Mal an einem brasilianischen Jiu-Jitsu-Wettkampf teil, nachdem sie von ihrer Schwester, die ebenfalls in diesem Sport trainierte, in ein Dojo eingeladen wurde.<\/p>\n<\/p>\n<h2>Karriere<\/h2>\n<p><picture class=\"aligncenter size-full wp-image-92063 sp-no-webp\"><source data-srcset=\"https:\/\/cdn.www.adsafe.org\/wp-content\/uploads\/2020\/07\/Amanda-Nunes-Career.webp 840w,https:\/\/cdn.www.adsafe.org\/wp-content\/uploads\/2020\/07\/Amanda-Nunes-Karriere-800x450.webp 800w,https:\/\/cdn.www.adsafe.org\/wp-content\/uploads\/2020\/07\/Amanda-Nunes-Career-768x432.webp 768w\" sizes=\"(max-width: 840px) 100vw, 840px\" type=\"image\/webp\"><source data-srcset=\"https:\/\/cdn.www.adsafe.org\/wp-content\/uploads\/2020\/07\/Amanda-Nunes-Career.jpg 840w, https:\/\/cdn.www.adsafe.org\/wp-content\/uploads\/2020\/07\/Amanda-Nunes-Career-800x450.jpg 800w, https:\/\/cdn.www.adsafe.org\/wp-content\/uploads\/2020\/07\/Amanda-Nunes-Career-768x432.jpg 768w\" sizes=\"(max-width: 840px) 100vw, 840px\" type=\"image\/jpeg\"><\/source><\/source><\/picture><\/p>\n<p>Nunes gab ihr Octagon-Deb\u00fct gegen Sheila Gaff bei UFC 163 am 3. August 2013 in Brasilien. Sie gewann den Kampf durch TKO in der ersten Runde. Nunes hatte ihren zweiten UFC-Auftritt, als sie bei der UFC Fight Night 31 am 6. November 2013 gegen Germaine de Randamie antrat.<\/p>\n<p>F\u00fcr ihren dritten Kampf bei der Promotion wurde Nunes als Verletzungsersatz f\u00fcr Shayna Baszler gegen Sarah Kaufman beim The Ultimate Fighter Nations Finale benannt. <\/p>\n<p>Nunes stand Shayna Baszler 2015 bei der UFC Fight Night 62 gegen\u00fcber. Sie gewann den Kampf durch TKO in der ersten Runde. Nunes stand Sara McMann am 8. August 2015 bei der UFC Fight Night 73 gegen\u00fcber. <\/p>\n<p>Nunes hatte eine Siegesserie von drei K\u00e4mpfen und verdiente sich ihren ersten Titelkampf in der UFC. Sie k\u00e4mpfte 2016 bei UFC 200 gegen Miesha Tate um die UFC Women&#8217;s Bantamweight Championship.<\/p>\n<p>Nun wurde Bantamweight Champion und verteidigte ihren Titel erstmals gegen Ronda Rousey, die nach ihrer Niederlage gegen Holly Holm eine einj\u00e4hrige Kampfpause eingelegt hatte.<\/p>\n<p>F\u00fcr ihre zweite Titelverteidigung war ein R\u00fcckkampf gegen Valentina Shevchenko bei UFC 213 im Jahr 2017 vorgesehen. Die beiden k\u00e4mpften urspr\u00fcnglich bei UFC 196, wo Nunes durch einstimmige Entscheidung gewann.<\/p>\n<p>Joanna J\u0119drzejczyk bot an, Nunes zu ersetzen, aber die Nevada State Athletic Commission konnte sie so kurzfristig nicht freigeben.<\/p>\n<p>Ab 2022 betr\u00e4gt Amanda Nunes&#8216; Verm\u00f6gen 4 Millionen Dollar. <\/p>\n<\/p>\n<h2>Highlights <\/h2>\n<p>Hier sind einige der besten H\u00f6hepunkte von Amanda Nunes&#8216; Karriere:<\/p>\n<ul>\n<li>August Submission of the Month vs. Sara McMann (2015) <\/p>\n<p>Der Kampf des Monats. Sara McMann (2015) <\/li>\n<li>Equality Visibility Award (2016) <\/li>\n<li>Wurde UFC Bantamweight Champion (2016)<\/li>\n<li>Female Fighter of the Year (2018) <\/li>\n<\/ul>\n<h2>Favorite Quotes from Amanda Nunes <\/h2>\n<p><em>&#8222;Es wird hart, ich denke dar\u00fcber nach, Ende des Jahres zu k\u00e4mpfen, etwa im November oder Dezember. Ich bin jetzt in Brasilien und k\u00fcmmere mich um Familienangelegenheiten, ich h\u00e4tte keine Zeit, mich auf Mai vorzubereiten.&#8220;<\/em> <strong>&#8211; Amanda Nunes <\/strong><\/p>\n<p><em>&#8222;Ich m\u00f6chte zuerst meinen [Bantamgewichts-]G\u00fcrtel verteidigen, denn als ich aufgestiegen bin, habe ich die Division im Stich gelassen&#8220;, sagte Nunes. &#8222;Ich denke, es macht Sinn, dass der n\u00e4chste Kampf gegen Holly Holm ist, die einzige Ex-Championesse, gegen die ich noch nicht angetreten bin. Danach denke ich, dass es cool w\u00e4re, gegen Cyborg anzutreten. Und dann h\u00f6re ich auf.&#8220;<\/em> <strong>&#8211; Amanda Nunes <\/strong><\/p>\n<p><em>&#8222;Sie haben mich noch nicht angerufen, aber ich warte darauf, mal sehen, was passieren wird. Ich denke, dieser Kampf ist sehr interessant. Holly Holm ist die einzige K\u00e4mpferin, die eine ehemalige Championesse ist, gegen die ich nicht gek\u00e4mpft habe. Das w\u00e4re ein interessanter Kampf. Ich freue mich auf jeden Fall auf diesen Kampf mit Holly und ich bin bereit f\u00fcr den Anruf.&#8220;<\/em> <strong>&#8211; Amanda Nunes <\/strong><\/p>\n<p><em>&#8222;Ich bin nach Hause gefahren, um meine Familie zu sehen und ein bisschen bei meiner Familie zu bleiben und meine Mutter (sagte), &#8218;Ich denke, du solltest in den Ruhestand gehen, ich denke (dar\u00fcber) ein bisschen nach. Wir werden bei der n\u00e4chsten Etappe sehen, wie es weitergeht. Ich bin ein bisschen m\u00fcde von all den gro\u00dfen K\u00e4mpfen. Ich bin sehr gl\u00fccklich und froh und stolz, dass ich das alles gemacht habe, und ich m\u00f6chte eine kleine Pause, um eine Familie zu gr\u00fcnden und mich mehr auf Ninas Karriere zu konzentrieren. Wir werden sehen. Ich sage diese Dinge, aber Sie wissen ja, wie das mit dem K\u00e4mpfen ist. Wir engagieren uns so sehr und dann wollen wir es wieder tun. Wir werden sehen.&#8220;<\/em> <strong>&#8211; Amanda Nunes <\/strong><\/p>\n<\/p>\n<h2>3 gro\u00dfe Lektionen von Amanda Nunes <\/h2>\n<p><picture class=\"aligncenter size-medium wp-image-69094 sp-no-webp\"><source data-srcset=\"https:\/\/cdn.www.adsafe.org\/wp-content\/uploads\/2019\/11\/Amanda-Nunes-Success-Lessons.webp 800w,https:\/\/cdn.www.adsafe.org\/wp-content\/uploads\/2019\/11\/Amanda-Nunes-Success-Lessons-768x432.webp 768w\" sizes=\"(max-width: 800px) 100vw, 800px\" type=\"image\/webp\"><source data-srcset=\"https:\/\/cdn.www.adsafe.org\/wp-content\/uploads\/2019\/11\/Amanda-Nunes-Success-Lessons.jpg 800w, https:\/\/cdn.www.adsafe.org\/wp-content\/uploads\/2019\/11\/Amanda-Nunes-Success-Lessons-768x432.jpg 768w\" sizes=\"(max-width: 800px) 100vw, 800px\" type=\"image\/jpeg\"><\/source><\/source><\/picture><\/p>\n<p>Nun, da Sie alles \u00fcber Amanda Nunes&#8216; Verm\u00f6gen wissen und wie sie Erfolg hatte, lassen Sie uns einen Blick auf einige der st\u00e4rksten Lektionen werfen, die wir von ihr lernen k\u00f6nnen:<\/p>\n<\/p>\n<h3>1. Hab keine Angst, anders zu sein<\/h3>\n<p>Die Gesellschaft wird darauf bestehen, dass du dich der Norm anpasst. Geben Sie diesem Druck nicht nach. Nehmen Sie Ihre Einzigartigkeit an und lassen Sie sie strahlen. Diese verborgenen Qualit\u00e4ten sind Ihr Kapital.<\/p>\n<\/p>\n<h3>2. Es braucht Weisheit, um zu erkennen, welche Dinge nicht gut f\u00fcr Sie sind<\/h3>\n<p>Aber wenn Sie lernen, die sch\u00e4dlichen Einfl\u00fcsse in Ihrem Leben zu erkennen, k\u00f6nnen Sie sich von ihnen fernhalten. Erlauben Sie sich selbst, in einem Umfeld der Positivit\u00e4t aufzubl\u00fchen und zu gedeihen.<\/p>\n<\/p>\n<h3>3. Sie sind wichtig<\/h3>\n<p>Sie haben einen Zweck, eine pers\u00f6nliche Mission. Auch wenn die Dinge f\u00fcr Sie vielleicht noch unklar sind, hat Ihre Anwesenheit hier eine Bedeutung.<\/p>\n<\/p>\n<h2>Zusammenfassung<\/h2>\n<p>Amanda Nunes ist eine brasilianische Mixed Martial Artist, die ihr MMA-Deb\u00fct am 8. M\u00e4rz 2008 gab und in der ersten Runde von einer Gegnerin namens Ana Maria besiegt wurde.<\/p>\n<p>Sie ist die amtierende Meisterin sowohl im Bantamgewicht als auch im Federgewicht der Frauen. Sie ist die erste Frau in der Geschichte der UFC, die Champion in zwei Divisionen wurde. <\/p>\n<p>Ab 2022 wird Amanda Nunes&#8216; Verm\u00f6gen auf 4 Millionen Dollar gesch\u00e4tzt.<\/p>\n<h3>Was denken Sie \u00fcber Amanda Nunes&#8216; Verm\u00f6gen? Hinterlassen Sie unten einen Kommentar.<\/h3>\n<\/div>\n","protected":false},"excerpt":{"rendered":"<p>Was ist Amanda Nunes&#8216; Verm\u00f6gen? Verm\u00f6gen: $4 Millionen Alter: 32 Geboren: Mai 30, 1988 Herkunftsland: Brasilien Quelle des Reichtums: Professioneller MMA-K\u00e4mpfer Letzte Aktualisierung: 2021 Einleitung Amanda Nunes&#8216; Verm\u00f6gen wird f\u00fcr das Jahr 2022 auf 4 Millionen Dollar gesch\u00e4tzt. Amanda Nunes ist eine brasilianische Mixed Martial Artist, die derzeit f\u00fcr die Ultimate Fighting Championship (UFC) k\u00e4mpft, [&hellip;]<\/p>\n","protected":false},"author":2,"featured_media":0,"comment_status":"open","ping_status":"closed","sticky":false,"template":"","format":"standard","meta":{"footnotes":""},"categories":[47],"tags":[],"class_list":{"0":"post-21881","1":"post","2":"type-post","3":"status-publish","4":"format-standard","6":"category-allgemein"},"yoast_head":"<!-- This site is optimized with the Yoast SEO plugin v25.3.1 - https:\/\/yoast.com\/wordpress\/plugins\/seo\/ -->\n<title>Amanda Nunes Verm\u00f6gen - The Website of Informations<\/title>\n<meta name=\"robots\" content=\"index, follow, max-snippet:-1, max-image-preview:large, max-video-preview:-1\" \/>\n<link rel=\"canonical\" href=\"https:\/\/www.projectliberty.org\/de\/amanda-nunes-vermoegen\/\" \/>\n<meta property=\"og:locale\" content=\"de_DE\" \/>\n<meta property=\"og:type\" content=\"article\" \/>\n<meta property=\"og:title\" content=\"Amanda Nunes Verm\u00f6gen - The Website of Informations\" \/>\n<meta property=\"og:description\" content=\"Was ist Amanda Nunes&#8216; Verm\u00f6gen? Verm\u00f6gen: $4 Millionen Alter: 32 Geboren: Mai 30, 1988 Herkunftsland: Brasilien Quelle des Reichtums: Professioneller MMA-K\u00e4mpfer Letzte Aktualisierung: 2021 Einleitung Amanda Nunes&#8216; Verm\u00f6gen wird f\u00fcr das Jahr 2022 auf 4 Millionen Dollar gesch\u00e4tzt. Amanda Nunes ist eine brasilianische Mixed Martial Artist, die derzeit f\u00fcr die Ultimate Fighting Championship (UFC) k\u00e4mpft, [&hellip;]\" \/>\n<meta property=\"og:url\" content=\"https:\/\/www.projectliberty.org\/de\/amanda-nunes-vermoegen\/\" \/>\n<meta property=\"og:site_name\" content=\"The Website of Informations\" \/>\n<meta property=\"article:published_time\" content=\"2022-01-31T00:44:20+00:00\" \/>\n<meta name=\"author\" content=\"Anthony William\" \/>\n<meta name=\"twitter:card\" content=\"summary_large_image\" \/>\n<meta name=\"twitter:label1\" content=\"Verfasst von\" \/>\n\t<meta name=\"twitter:data1\" content=\"Anthony William\" \/>\n\t<meta name=\"twitter:label2\" content=\"Gesch\u00e4tzte Lesezeit\" \/>\n\t<meta name=\"twitter:data2\" content=\"5\u00a0Minuten\" \/>\n<script type=\"application\/ld+json\" class=\"yoast-schema-graph\">{\"@context\":\"https:\/\/schema.org\",\"@graph\":[{\"@type\":\"WebPage\",\"@id\":\"https:\/\/www.projectliberty.org\/de\/amanda-nunes-vermoegen\/\",\"url\":\"https:\/\/www.projectliberty.org\/de\/amanda-nunes-vermoegen\/\",\"name\":\"Amanda Nunes Verm\u00f6gen - The Website of Informations\",\"isPartOf\":{\"@id\":\"https:\/\/www.projectliberty.org\/#website\"},\"datePublished\":\"2022-01-31T00:44:20+00:00\",\"author\":{\"@id\":\"https:\/\/www.projectliberty.org\/#\/schema\/person\/26d70862eb5cf88d95e0524f4813b365\"},\"breadcrumb\":{\"@id\":\"https:\/\/www.projectliberty.org\/de\/amanda-nunes-vermoegen\/#breadcrumb\"},\"inLanguage\":\"de\",\"potentialAction\":[{\"@type\":\"ReadAction\",\"target\":[\"https:\/\/www.projectliberty.org\/de\/amanda-nunes-vermoegen\/\"]}]},{\"@type\":\"BreadcrumbList\",\"@id\":\"https:\/\/www.projectliberty.org\/de\/amanda-nunes-vermoegen\/#breadcrumb\",\"itemListElement\":[{\"@type\":\"ListItem\",\"position\":1,\"name\":\"Home\",\"item\":\"https:\/\/www.projectliberty.org\/\"},{\"@type\":\"ListItem\",\"position\":2,\"name\":\"Amanda Nunes Verm\u00f6gen\"}]},{\"@type\":\"WebSite\",\"@id\":\"https:\/\/www.projectliberty.org\/#website\",\"url\":\"https:\/\/www.projectliberty.org\/\",\"name\":\"The Website of Informations\",\"description\":\"Just another WordPress site\",\"potentialAction\":[{\"@type\":\"SearchAction\",\"target\":{\"@type\":\"EntryPoint\",\"urlTemplate\":\"https:\/\/www.projectliberty.org\/?s={search_term_string}\"},\"query-input\":{\"@type\":\"PropertyValueSpecification\",\"valueRequired\":true,\"valueName\":\"search_term_string\"}}],\"inLanguage\":\"de\"},{\"@type\":\"Person\",\"@id\":\"https:\/\/www.projectliberty.org\/#\/schema\/person\/26d70862eb5cf88d95e0524f4813b365\",\"name\":\"Anthony William\",\"image\":{\"@type\":\"ImageObject\",\"inLanguage\":\"de\",\"@id\":\"https:\/\/www.projectliberty.org\/#\/schema\/person\/image\/\",\"url\":\"https:\/\/secure.gravatar.com\/avatar\/e66b6bd62abc29635862a92fb64ae1fd3bf3ba48f22ad069b9e9d4af94faf44e?s=96&d=mm&r=g\",\"contentUrl\":\"https:\/\/secure.gravatar.com\/avatar\/e66b6bd62abc29635862a92fb64ae1fd3bf3ba48f22ad069b9e9d4af94faf44e?s=96&d=mm&r=g\",\"caption\":\"Anthony William\"}}]}<\/script>\n<!-- \/ Yoast SEO plugin. -->","yoast_head_json":{"title":"Amanda Nunes Verm\u00f6gen - The Website of Informations","robots":{"index":"index","follow":"follow","max-snippet":"max-snippet:-1","max-image-preview":"max-image-preview:large","max-video-preview":"max-video-preview:-1"},"canonical":"https:\/\/www.projectliberty.org\/de\/amanda-nunes-vermoegen\/","og_locale":"de_DE","og_type":"article","og_title":"Amanda Nunes Verm\u00f6gen - The Website of Informations","og_description":"Was ist Amanda Nunes&#8216; Verm\u00f6gen? Verm\u00f6gen: $4 Millionen Alter: 32 Geboren: Mai 30, 1988 Herkunftsland: Brasilien Quelle des Reichtums: Professioneller MMA-K\u00e4mpfer Letzte Aktualisierung: 2021 Einleitung Amanda Nunes&#8216; Verm\u00f6gen wird f\u00fcr das Jahr 2022 auf 4 Millionen Dollar gesch\u00e4tzt. Amanda Nunes ist eine brasilianische Mixed Martial Artist, die derzeit f\u00fcr die Ultimate Fighting Championship (UFC) k\u00e4mpft, [&hellip;]","og_url":"https:\/\/www.projectliberty.org\/de\/amanda-nunes-vermoegen\/","og_site_name":"The Website of Informations","article_published_time":"2022-01-31T00:44:20+00:00","author":"Anthony William","twitter_card":"summary_large_image","twitter_misc":{"Verfasst von":"Anthony William","Gesch\u00e4tzte Lesezeit":"5\u00a0Minuten"},"schema":{"@context":"https:\/\/schema.org","@graph":[{"@type":"WebPage","@id":"https:\/\/www.projectliberty.org\/de\/amanda-nunes-vermoegen\/","url":"https:\/\/www.projectliberty.org\/de\/amanda-nunes-vermoegen\/","name":"Amanda Nunes Verm\u00f6gen - The Website of Informations","isPartOf":{"@id":"https:\/\/www.projectliberty.org\/#website"},"datePublished":"2022-01-31T00:44:20+00:00","author":{"@id":"https:\/\/www.projectliberty.org\/#\/schema\/person\/26d70862eb5cf88d95e0524f4813b365"},"breadcrumb":{"@id":"https:\/\/www.projectliberty.org\/de\/amanda-nunes-vermoegen\/#breadcrumb"},"inLanguage":"de","potentialAction":[{"@type":"ReadAction","target":["https:\/\/www.projectliberty.org\/de\/amanda-nunes-vermoegen\/"]}]},{"@type":"BreadcrumbList","@id":"https:\/\/www.projectliberty.org\/de\/amanda-nunes-vermoegen\/#breadcrumb","itemListElement":[{"@type":"ListItem","position":1,"name":"Home","item":"https:\/\/www.projectliberty.org\/"},{"@type":"ListItem","position":2,"name":"Amanda Nunes Verm\u00f6gen"}]},{"@type":"WebSite","@id":"https:\/\/www.projectliberty.org\/#website","url":"https:\/\/www.projectliberty.org\/","name":"The Website of Informations","description":"Just another WordPress site","potentialAction":[{"@type":"SearchAction","target":{"@type":"EntryPoint","urlTemplate":"https:\/\/www.projectliberty.org\/?s={search_term_string}"},"query-input":{"@type":"PropertyValueSpecification","valueRequired":true,"valueName":"search_term_string"}}],"inLanguage":"de"},{"@type":"Person","@id":"https:\/\/www.projectliberty.org\/#\/schema\/person\/26d70862eb5cf88d95e0524f4813b365","name":"Anthony William","image":{"@type":"ImageObject","inLanguage":"de","@id":"https:\/\/www.projectliberty.org\/#\/schema\/person\/image\/","url":"https:\/\/secure.gravatar.com\/avatar\/e66b6bd62abc29635862a92fb64ae1fd3bf3ba48f22ad069b9e9d4af94faf44e?s=96&d=mm&r=g","contentUrl":"https:\/\/secure.gravatar.com\/avatar\/e66b6bd62abc29635862a92fb64ae1fd3bf3ba48f22ad069b9e9d4af94faf44e?s=96&d=mm&r=g","caption":"Anthony William"}}]}},"_links":{"self":[{"href":"https:\/\/www.projectliberty.org\/de\/wp-json\/wp\/v2\/posts\/21881","targetHints":{"allow":["GET"]}}],"collection":[{"href":"https:\/\/www.projectliberty.org\/de\/wp-json\/wp\/v2\/posts"}],"about":[{"href":"https:\/\/www.projectliberty.org\/de\/wp-json\/wp\/v2\/types\/post"}],"author":[{"embeddable":true,"href":"https:\/\/www.projectliberty.org\/de\/wp-json\/wp\/v2\/users\/2"}],"replies":[{"embeddable":true,"href":"https:\/\/www.projectliberty.org\/de\/wp-json\/wp\/v2\/comments?post=21881"}],"version-history":[{"count":0,"href":"https:\/\/www.projectliberty.org\/de\/wp-json\/wp\/v2\/posts\/21881\/revisions"}],"wp:attachment":[{"href":"https:\/\/www.projectliberty.org\/de\/wp-json\/wp\/v2\/media?parent=21881"}],"wp:term":[{"taxonomy":"category","embeddable":true,"href":"https:\/\/www.projectliberty.org\/de\/wp-json\/wp\/v2\/categories?post=21881"},{"taxonomy":"post_tag","embeddable":true,"href":"https:\/\/www.projectliberty.org\/de\/wp-json\/wp\/v2\/tags?post=21881"}],"curies":[{"name":"wp","href":"https:\/\/api.w.org\/{rel}","templated":true}]}}