{"id":22962,"date":"2022-01-31T11:43:13","date_gmt":"2022-01-31T10:43:13","guid":{"rendered":"https:\/\/www.adsafe.org\/?p=22962"},"modified":"2022-01-31T11:43:13","modified_gmt":"2022-01-31T10:43:13","slug":"amancio-ortega-vermoegenswerte","status":"publish","type":"post","link":"https:\/\/www.projectliberty.org\/de\/amancio-ortega-vermoegenswerte\/","title":{"rendered":"Amancio Ortega Verm\u00f6genswerte"},"content":{"rendered":"<div id=\"mvp-content-main\" class=\"left relative\">\n<p>Wie hoch ist das Verm\u00f6gen von Amancio Ortega?<\/p>\n<p>Im Jahr 2022 betr\u00e4gt das Verm\u00f6gen von Amancio Ortega Gaona rund 65,9 Milliarden Dollar.<\/p>\n<p>Amancio Ortega Gaona ist ein spanischer Milliard\u00e4r und Gesch\u00e4ftsmann. Ortega ist Gr\u00fcnder und ehemaliger Vorsitzender des Modekonzerns Inditex, der vor allem f\u00fcr seine Bekleidungs- und Accessoire-Kette Zara bekannt ist.<\/p>\n<p>Er ist nach Bernard Arnault der zweitreichste Mensch in Europa. <\/p>\n<\/p>\n<h2>Fr\u00fches Leben<\/h2>\n<p>Amancio Ortega Gaona wurde am 28. M\u00e4rz 1936 in Busongo de Arbas, Leon, Spanien geboren. Er ist der Sohn von Antonia Ortega Rodriguez und Josefa Gaona Hernandez. Seine Kindheit verbrachte er haupts\u00e4chlich in Leon. <\/p>\n<p>Ortega verlie\u00df fr\u00fch die Schule und zog im Alter von 14 Jahren nach A Coruna. Kurz darauf fand er einen Job als Verk\u00e4ufer in der \u00f6rtlichen Hemdenmanufaktur Gala, die sich noch immer an derselben Ecke im Zentrum von A Coru\u00f1a befindet. <\/p>\n<\/p>\n<h2>Karriere<\/h2>\n<p>Manacio Ortega gr\u00fcndete 1972 Confecciones Goa, um gesteppte Badem\u00e4ntel zu verkaufen. Einige Jahre sp\u00e4ter er\u00f6ffnete er mit seiner Frau Rosalia Mera sein erstes Zara-Gesch\u00e4ft. <\/p>\n<p>Im Jahr 2009 geh\u00f6rte Zara zur Inditex-Gruppe, an der Ortega 59,29 % hielt, und umfasste neben \u00fcber 6.000 Gesch\u00e4ften die Marken Zara, Massimo Dutti, Oysho, Zara Home, Tempe, Pull and Bear, Bershka und Stradivarius. <\/p>\n<p>Seine \u00f6ffentlichen Auftritte im Jahr 2000, als Teil der Aufw\u00e4rmphase vor dem B\u00f6rsengang seines Unternehmens im Jahr 2001, machten Schlagzeilen in der spanischen Finanzpresse. Ortega war jedoch der Einzige, der jemals drei Journalisten Interviews gew\u00e4hrte. <\/p>\n<p>Im Jahr 2011 k\u00fcndigte Ortega seinen bevorstehenden R\u00fccktritt von Inditex, der Muttergesellschaft der Zara-Kette, an und erkl\u00e4rte, dass er den Vizepr\u00e4sidenten und CEO von Inditex, Pablo Isla, bitten werde, seinen Platz einzunehmen. <\/p>\n<p>Seit 2016 geh\u00f6rten ihm rund 60 % von Inditex, der Holdinggesellschaft von Zara und verwandten Ketten. <\/p>\n<p>Im Jahr 2020 wird das Verm\u00f6gen von Amancio Ortega auf rund 65,9 Milliarden Dollar gesch\u00e4tzt.<\/p>\n<div style=\"clear:both;margin-top:0em;margin-bottom:1em\">\n<div style=\"padding-left:1em;padding-right:1em\"><span class=\"ctaText\">Related:<\/span> <span class=\"postTitle\">Chris Pratt Verm\u00f6gen<\/span><\/div>\n<\/div>\n<h2>Highlights <\/h2>\n<p>Hier sind einige der besten Highlights von Amancio Ortegas Karriere:<\/p>\n<ul>\n<li>Gr\u00fcndung von Confecciones Goa (1972)<\/li>\n<li>Zara wurde Teil der Inditex-Gruppe (2009)<\/li>\n<li>Ortega besa\u00df 60 % von Inditex (2016<\/li>\n<\/ul>\n<h2>Lieblingszitate von Amancio Ortega <\/h2>\n<p><em>&#8222;Die Lebenserfahrungen, die mich als Mensch, Unternehmer und B\u00fcrger haben wachsen lassen, basieren auf einer Reihe von Prinzipien, die ich f\u00fcr sehr wertvoll halte: Solidarit\u00e4t, Verst\u00e4ndnis, Engagement, harte Arbeit, Zuverl\u00e4ssigkeit und Treue.&#8220;<\/em> <strong>&#8211; Amancio Ortega <\/strong><\/p>\n<p><em>&#8222;Wir k\u00f6nnen uns nicht darauf beschr\u00e4nken, den Weg fortzusetzen, den wir bereits eingeschlagen haben, und wir werden wieder einmal enthusiastisch und anspruchsvoll sein m\u00fcssen, um in einer Welt, die sich mit gro\u00dfer Geschwindigkeit weiterentwickelt, Ideen und Projekte in die Realit\u00e4t umzusetzen.&#8220;<\/em> <strong>&#8211; Amancio Ortega<\/strong><\/p>\n<p>&#8222;Mein wahrer und einfacher Wunsch ist es, dass durch die Strategien und Aktivit\u00e4ten der Stiftung die Ergebnisse meiner Lebenserfahrung, sowohl pers\u00f6nlich als auch beruflich, all jene Mitglieder der Gesellschaft erreichen, die vielleicht besondere Unterst\u00fctzung und Ermutigung brauchen.&#8220; <strong>&#8211; Amancio Ortega <\/strong><strong><br \/> <\/strong><\/p>\n<p><em>&#8222;Die erfolgreiche Kombination aus intensiver Expansion und erneuter gesch\u00e4ftlicher Effizienz war nur durch den immensen Einsatz unseres Teams auf allen Ebenen der Organisation m\u00f6glich.&#8220;<\/em> <strong>&#8211; Amancio Ortega <\/strong><\/p>\n<\/p>\n<h2>3 Erfolgsregeln von Amancio Ortega <\/h2>\n<p>Nun, da Sie alles \u00fcber Amancio Ortegas Verm\u00f6gen wissen und wie er erfolgreich war, lassen Sie uns einen Blick auf einige der Lektionen werfen, die wir von ihm lernen k\u00f6nnen:<\/p>\n<\/p>\n<h3>1. Introvertierte k\u00f6nnen als Unternehmer erfolgreich sein<\/h3>\n<p>Die meisten Unternehmer sind extrovertiert, aber das ist keineswegs notwendig, um erfolgreich zu sein. Viele gro\u00dfe Unternehmer sind introvertiert, und Amancio Ortega ist einer von ihnen. <\/p>\n<p>Wenig ist \u00fcber den Einzelhandelskonzern bekannt, weil er sich sehr bem\u00fcht, nicht mit der Presse sprechen zu m\u00fcssen. Er sagte einmal:<\/p>\n<blockquote>\n<p style=\"text-align: center\"><strong>&#8222;Man muss dreimal in den Zeitungen erscheinen: wenn man geboren wird, wenn man heiratet und wenn man stirbt.&#8220; <\/strong><\/p>\n<\/blockquote>\n<p>Lassen Sie sich nicht entmutigen, wenn Sie nicht das Leben der Party sind, denn Sie k\u00f6nnen immer noch ein profitables Gesch\u00e4ft f\u00fchren.<\/p>\n<div style=\"clear:both;margin-top:0em;margin-bottom:1em\">\n<div style=\"padding-left:1em;padding-right:1em\"><span class=\"ctaText\">Related:<\/span> <span class=\"postTitle\">Katee Sackhoff Verm\u00f6gen<\/span><\/div>\n<\/div>\n<h3>2. Sei bescheiden und bescheiden<\/h3>\n<p>Erfolgreich im Leben zu sein, bedeutet nicht, dass man nicht trotzdem bescheiden und bescheiden sein kann. Tats\u00e4chlich k\u00f6nnen diese Eigenschaften sowohl f\u00fcr Ihr Berufs- als auch f\u00fcr Ihr Privatleben von gro\u00dfem Nutzen sein.<\/p>\n<p>Bescheidenheit hilft uns, besser mit \u00c4ngsten umzugehen, bessere F\u00fchrungskr\u00e4fte und Mitarbeiter zu werden, mehr Selbstkontrolle zu haben und eher bereit zu sein, anderen zu helfen.<\/p>\n<\/p>\n<h3>3. Gutes kommt zu denen, die warten<\/h3>\n<p>Auch wenn 10 Jahre bei der Gr\u00fcndung eines Unternehmens wie eine Ewigkeit erscheinen m\u00f6gen, haben sie sich eindeutig ausgezahlt.<\/p>\n<p>Geduldig zu sein, gibt Ihnen die M\u00f6glichkeit zu warten, zu beobachten und zu wissen, wann Sie in allen Aspekten Ihres Lebens handeln m\u00fcssen. Anstatt unangemessen oder irrational zu handeln, k\u00f6nnen Sie mit Geduld einen Schritt zur\u00fccktreten, sich neu gruppieren und die bestm\u00f6gliche Entscheidung treffen.<\/p>\n<\/p>\n<h2>Zusammenfassung <\/h2>\n<p>Amancio Ortega ist einer der reichsten Gesch\u00e4ftsleute und Modegr\u00fcnder in Europa. Er steht hinter einigen der bekanntesten Marken wie Breshka, Zara und Tempe. <\/p>\n<p>Im Jahr 2022 wird das Verm\u00f6gen von Amancio Ortega auf rund 65,9 Milliarden Dollar gesch\u00e4tzt, was ihn zu einem der reichsten Unternehmer der Welt macht. <\/p>\n<h3>Was denken Sie \u00fcber Amancio Ortegas Verm\u00f6gen? Hinterlassen Sie unten einen Kommentar. <\/h3>\n<\/div>\n","protected":false},"excerpt":{"rendered":"<p>Wie hoch ist das Verm\u00f6gen von Amancio Ortega? Im Jahr 2022 betr\u00e4gt das Verm\u00f6gen von Amancio Ortega Gaona rund 65,9 Milliarden Dollar. Amancio Ortega Gaona ist ein spanischer Milliard\u00e4r und Gesch\u00e4ftsmann. Ortega ist Gr\u00fcnder und ehemaliger Vorsitzender des Modekonzerns Inditex, der vor allem f\u00fcr seine Bekleidungs- und Accessoire-Kette Zara bekannt ist. Er ist nach Bernard [&hellip;]<\/p>\n","protected":false},"author":2,"featured_media":0,"comment_status":"open","ping_status":"closed","sticky":false,"template":"","format":"standard","meta":{"footnotes":""},"categories":[47],"tags":[],"class_list":{"0":"post-22962","1":"post","2":"type-post","3":"status-publish","4":"format-standard","6":"category-allgemein"},"yoast_head":"<!-- This site is optimized with the Yoast SEO plugin v25.3.1 - https:\/\/yoast.com\/wordpress\/plugins\/seo\/ -->\n<title>Amancio Ortega Verm\u00f6genswerte - The Website of Informations<\/title>\n<meta name=\"robots\" content=\"index, follow, max-snippet:-1, max-image-preview:large, max-video-preview:-1\" \/>\n<link rel=\"canonical\" href=\"https:\/\/www.projectliberty.org\/de\/amancio-ortega-vermoegenswerte\/\" \/>\n<meta property=\"og:locale\" content=\"de_DE\" \/>\n<meta property=\"og:type\" content=\"article\" \/>\n<meta property=\"og:title\" content=\"Amancio Ortega Verm\u00f6genswerte - The Website of Informations\" \/>\n<meta property=\"og:description\" content=\"Wie hoch ist das Verm\u00f6gen von Amancio Ortega? Im Jahr 2022 betr\u00e4gt das Verm\u00f6gen von Amancio Ortega Gaona rund 65,9 Milliarden Dollar. Amancio Ortega Gaona ist ein spanischer Milliard\u00e4r und Gesch\u00e4ftsmann. Ortega ist Gr\u00fcnder und ehemaliger Vorsitzender des Modekonzerns Inditex, der vor allem f\u00fcr seine Bekleidungs- und Accessoire-Kette Zara bekannt ist. Er ist nach Bernard [&hellip;]\" \/>\n<meta property=\"og:url\" content=\"https:\/\/www.projectliberty.org\/de\/amancio-ortega-vermoegenswerte\/\" \/>\n<meta property=\"og:site_name\" content=\"The Website of Informations\" \/>\n<meta property=\"article:published_time\" content=\"2022-01-31T10:43:13+00:00\" \/>\n<meta name=\"author\" content=\"Anthony William\" \/>\n<meta name=\"twitter:card\" content=\"summary_large_image\" \/>\n<meta name=\"twitter:label1\" content=\"Verfasst von\" \/>\n\t<meta name=\"twitter:data1\" content=\"Anthony William\" \/>\n\t<meta name=\"twitter:label2\" content=\"Gesch\u00e4tzte Lesezeit\" \/>\n\t<meta name=\"twitter:data2\" content=\"4\u00a0Minuten\" \/>\n<script type=\"application\/ld+json\" class=\"yoast-schema-graph\">{\"@context\":\"https:\/\/schema.org\",\"@graph\":[{\"@type\":\"WebPage\",\"@id\":\"https:\/\/www.projectliberty.org\/de\/amancio-ortega-vermoegenswerte\/\",\"url\":\"https:\/\/www.projectliberty.org\/de\/amancio-ortega-vermoegenswerte\/\",\"name\":\"Amancio Ortega Verm\u00f6genswerte - The Website of Informations\",\"isPartOf\":{\"@id\":\"https:\/\/www.projectliberty.org\/#website\"},\"datePublished\":\"2022-01-31T10:43:13+00:00\",\"author\":{\"@id\":\"https:\/\/www.projectliberty.org\/#\/schema\/person\/26d70862eb5cf88d95e0524f4813b365\"},\"breadcrumb\":{\"@id\":\"https:\/\/www.projectliberty.org\/de\/amancio-ortega-vermoegenswerte\/#breadcrumb\"},\"inLanguage\":\"de\",\"potentialAction\":[{\"@type\":\"ReadAction\",\"target\":[\"https:\/\/www.projectliberty.org\/de\/amancio-ortega-vermoegenswerte\/\"]}]},{\"@type\":\"BreadcrumbList\",\"@id\":\"https:\/\/www.projectliberty.org\/de\/amancio-ortega-vermoegenswerte\/#breadcrumb\",\"itemListElement\":[{\"@type\":\"ListItem\",\"position\":1,\"name\":\"Home\",\"item\":\"https:\/\/www.projectliberty.org\/\"},{\"@type\":\"ListItem\",\"position\":2,\"name\":\"Amancio Ortega Verm\u00f6genswerte\"}]},{\"@type\":\"WebSite\",\"@id\":\"https:\/\/www.projectliberty.org\/#website\",\"url\":\"https:\/\/www.projectliberty.org\/\",\"name\":\"The Website of Informations\",\"description\":\"Just another WordPress site\",\"potentialAction\":[{\"@type\":\"SearchAction\",\"target\":{\"@type\":\"EntryPoint\",\"urlTemplate\":\"https:\/\/www.projectliberty.org\/?s={search_term_string}\"},\"query-input\":{\"@type\":\"PropertyValueSpecification\",\"valueRequired\":true,\"valueName\":\"search_term_string\"}}],\"inLanguage\":\"de\"},{\"@type\":\"Person\",\"@id\":\"https:\/\/www.projectliberty.org\/#\/schema\/person\/26d70862eb5cf88d95e0524f4813b365\",\"name\":\"Anthony William\",\"image\":{\"@type\":\"ImageObject\",\"inLanguage\":\"de\",\"@id\":\"https:\/\/www.projectliberty.org\/#\/schema\/person\/image\/\",\"url\":\"https:\/\/secure.gravatar.com\/avatar\/e66b6bd62abc29635862a92fb64ae1fd3bf3ba48f22ad069b9e9d4af94faf44e?s=96&d=mm&r=g\",\"contentUrl\":\"https:\/\/secure.gravatar.com\/avatar\/e66b6bd62abc29635862a92fb64ae1fd3bf3ba48f22ad069b9e9d4af94faf44e?s=96&d=mm&r=g\",\"caption\":\"Anthony William\"}}]}<\/script>\n<!-- \/ Yoast SEO plugin. -->","yoast_head_json":{"title":"Amancio Ortega Verm\u00f6genswerte - The Website of Informations","robots":{"index":"index","follow":"follow","max-snippet":"max-snippet:-1","max-image-preview":"max-image-preview:large","max-video-preview":"max-video-preview:-1"},"canonical":"https:\/\/www.projectliberty.org\/de\/amancio-ortega-vermoegenswerte\/","og_locale":"de_DE","og_type":"article","og_title":"Amancio Ortega Verm\u00f6genswerte - The Website of Informations","og_description":"Wie hoch ist das Verm\u00f6gen von Amancio Ortega? Im Jahr 2022 betr\u00e4gt das Verm\u00f6gen von Amancio Ortega Gaona rund 65,9 Milliarden Dollar. Amancio Ortega Gaona ist ein spanischer Milliard\u00e4r und Gesch\u00e4ftsmann. Ortega ist Gr\u00fcnder und ehemaliger Vorsitzender des Modekonzerns Inditex, der vor allem f\u00fcr seine Bekleidungs- und Accessoire-Kette Zara bekannt ist. Er ist nach Bernard [&hellip;]","og_url":"https:\/\/www.projectliberty.org\/de\/amancio-ortega-vermoegenswerte\/","og_site_name":"The Website of Informations","article_published_time":"2022-01-31T10:43:13+00:00","author":"Anthony William","twitter_card":"summary_large_image","twitter_misc":{"Verfasst von":"Anthony William","Gesch\u00e4tzte Lesezeit":"4\u00a0Minuten"},"schema":{"@context":"https:\/\/schema.org","@graph":[{"@type":"WebPage","@id":"https:\/\/www.projectliberty.org\/de\/amancio-ortega-vermoegenswerte\/","url":"https:\/\/www.projectliberty.org\/de\/amancio-ortega-vermoegenswerte\/","name":"Amancio Ortega Verm\u00f6genswerte - The Website of Informations","isPartOf":{"@id":"https:\/\/www.projectliberty.org\/#website"},"datePublished":"2022-01-31T10:43:13+00:00","author":{"@id":"https:\/\/www.projectliberty.org\/#\/schema\/person\/26d70862eb5cf88d95e0524f4813b365"},"breadcrumb":{"@id":"https:\/\/www.projectliberty.org\/de\/amancio-ortega-vermoegenswerte\/#breadcrumb"},"inLanguage":"de","potentialAction":[{"@type":"ReadAction","target":["https:\/\/www.projectliberty.org\/de\/amancio-ortega-vermoegenswerte\/"]}]},{"@type":"BreadcrumbList","@id":"https:\/\/www.projectliberty.org\/de\/amancio-ortega-vermoegenswerte\/#breadcrumb","itemListElement":[{"@type":"ListItem","position":1,"name":"Home","item":"https:\/\/www.projectliberty.org\/"},{"@type":"ListItem","position":2,"name":"Amancio Ortega Verm\u00f6genswerte"}]},{"@type":"WebSite","@id":"https:\/\/www.projectliberty.org\/#website","url":"https:\/\/www.projectliberty.org\/","name":"The Website of Informations","description":"Just another WordPress site","potentialAction":[{"@type":"SearchAction","target":{"@type":"EntryPoint","urlTemplate":"https:\/\/www.projectliberty.org\/?s={search_term_string}"},"query-input":{"@type":"PropertyValueSpecification","valueRequired":true,"valueName":"search_term_string"}}],"inLanguage":"de"},{"@type":"Person","@id":"https:\/\/www.projectliberty.org\/#\/schema\/person\/26d70862eb5cf88d95e0524f4813b365","name":"Anthony William","image":{"@type":"ImageObject","inLanguage":"de","@id":"https:\/\/www.projectliberty.org\/#\/schema\/person\/image\/","url":"https:\/\/secure.gravatar.com\/avatar\/e66b6bd62abc29635862a92fb64ae1fd3bf3ba48f22ad069b9e9d4af94faf44e?s=96&d=mm&r=g","contentUrl":"https:\/\/secure.gravatar.com\/avatar\/e66b6bd62abc29635862a92fb64ae1fd3bf3ba48f22ad069b9e9d4af94faf44e?s=96&d=mm&r=g","caption":"Anthony William"}}]}},"_links":{"self":[{"href":"https:\/\/www.projectliberty.org\/de\/wp-json\/wp\/v2\/posts\/22962","targetHints":{"allow":["GET"]}}],"collection":[{"href":"https:\/\/www.projectliberty.org\/de\/wp-json\/wp\/v2\/posts"}],"about":[{"href":"https:\/\/www.projectliberty.org\/de\/wp-json\/wp\/v2\/types\/post"}],"author":[{"embeddable":true,"href":"https:\/\/www.projectliberty.org\/de\/wp-json\/wp\/v2\/users\/2"}],"replies":[{"embeddable":true,"href":"https:\/\/www.projectliberty.org\/de\/wp-json\/wp\/v2\/comments?post=22962"}],"version-history":[{"count":0,"href":"https:\/\/www.projectliberty.org\/de\/wp-json\/wp\/v2\/posts\/22962\/revisions"}],"wp:attachment":[{"href":"https:\/\/www.projectliberty.org\/de\/wp-json\/wp\/v2\/media?parent=22962"}],"wp:term":[{"taxonomy":"category","embeddable":true,"href":"https:\/\/www.projectliberty.org\/de\/wp-json\/wp\/v2\/categories?post=22962"},{"taxonomy":"post_tag","embeddable":true,"href":"https:\/\/www.projectliberty.org\/de\/wp-json\/wp\/v2\/tags?post=22962"}],"curies":[{"name":"wp","href":"https:\/\/api.w.org\/{rel}","templated":true}]}}