{"id":25039,"date":"2022-01-31T11:38:20","date_gmt":"2022-01-31T10:38:20","guid":{"rendered":"https:\/\/www.adsafe.org\/?p=25039"},"modified":"2022-01-31T11:38:20","modified_gmt":"2022-01-31T10:38:20","slug":"dan-rather-vermoegen","status":"publish","type":"post","link":"https:\/\/www.projectliberty.org\/de\/dan-rather-vermoegen\/","title":{"rendered":"Dan Rather Verm\u00f6gen"},"content":{"rendered":"<div id=\"mvp-content-main\" class=\"left relative\">\n<p>Was ist Dan Rather&#8217;s Verm\u00f6gen? <\/p>\n<h4><\/h4>\n<table id=\"tablepress-1718\" class=\"tablepress tablepress-id-1718\">\n<tbody>\n<thead>\n<tr class=\"row-1 odd\">\n<th class=\"column-1\">Verm\u00f6gen:<\/th>\n<th class=\"column-2\">$70 Millionen<\/th>\n<\/tr>\n<\/thead>\n<\/tbody>\n<tbody class=\"row-hover\">\n<tr class=\"row-2 even\">\n<td class=\"column-1\">Alter:<\/td>\n<td class=\"column-2\">89<\/td>\n<\/tr>\n<tr class=\"row-3 odd\">\n<td class=\"column-1\">Geboren:<\/td>\n<td class=\"column-2\">Oktober 31, 1931<\/td>\n<\/tr>\n<tr class=\"row-4 even\">\n<td class=\"column-1\">Herkunftsland:<\/td>\n<td class=\"column-2\">Vereinigte Staaten von Amerika<\/td>\n<\/tr>\n<tr class=\"row-5 odd\">\n<td class=\"column-1\">Quelle des Wohlstands:<\/td>\n<td class=\"column-2\">Journalist<\/td>\n<\/tr>\n<tr class=\"row-6 even\">\n<td class=\"column-1\">Letzte Aktualisierung:<\/td>\n<td class=\"column-2\">2021<\/td>\n<\/tr>\n<\/tbody>\n<\/table>\n<h2>Einleitung <\/h2>\n<p>Dan Rather ist ein amerikanischer Journalist.<\/p>\n<p>Er ist auch ein ehemaliger Moderator der nationalen Abendnachrichten. Er begann seine Karriere in Texas und wurde landesweit bekannt, nachdem seine Berichterstattung w\u00e4hrend des Hurrikans Carla im September 1961 Tausenden von Menschen das Leben rettete.<\/p>\n<p>Rather schuf den ersten Radar-Wetterbericht. In seiner ersten landesweiten Sendung half Rather, die erfolgreiche Evakuierung von 350.000 Menschen einzuleiten.<\/p>\n<p>Das Verm\u00f6gen von Dan Rather wird f\u00fcr das Jahr 2022 auf rund 70 Millionen Dollar gesch\u00e4tzt. <\/p>\n<\/p>\n<header><\/header>\n<h2>Fr\u00fches Leben<\/h2>\n<p>Daniel Irvin Rather Jr. wurde am 31. Oktober 1931 in Texas geboren.<\/p>\n<p>Irvin ist der Sohn von Daniel Irvin Rather Sr. und Byrl Veda Page. Er besuchte die Lovett Elementary School und die Hamilton Middle School. Im Jahr 1950 machte er seinen Abschluss an der John H. Reagan High School in Houston.<\/p>\n<p>Ein paar Jahre sp\u00e4ter erwarb er einen Bachelor-Abschluss in Journalismus.<\/p>\n<p>Er war Herausgeber der Schulzeitung The Houstonian. Rather war auch Mitglied der Caballeros, der Gr\u00fcndungsorganisation des Epsilon-Psi-Kapitels der Sigma-Chi-Bruderschaft.<\/p>\n<\/p>\n<h2>Karriere<\/h2>\n<p>Im Jahr 1981 wurde Rather zum Nachrichtensprecher f\u00fcr die CBS Evening News bef\u00f6rdert. Zusammen mit Peter Jennings bei ABC News und Tom Brokaw bei NBC News geh\u00f6rte er von den 1980er Jahren bis Anfang der 2000er Jahre zu den &#8222;Big Three&#8220; der Abendnachrichten in den Vereinigten Staaten. <\/p>\n<p>Im Jahr 2005 verlie\u00df er das Moderatorenpult. Er arbeitete noch bis 2006 bei CBS, als er gefeuert wurde. Im darauffolgenden Jahr reichte Rather eine 70-Millionen-Dollar-Klage gegen CBS und dessen fr\u00fchere Muttergesellschaft Viacom ein.<\/p>\n<p>Er beschuldigte den Sender sowie dessen Eigent\u00fcmer und Management, ihn zum &#8222;S\u00fcndenbock&#8220; in der Killian-Geschichte gemacht zu haben. Ein Berufungsgericht im Bundesstaat New York wies die Klage im September 2009 ab. <\/p>\n<div style=\"clear:both; margin-top:0em; margin-bottom:1em;\">\n<style><![CDATA[.u8151cbe5f0f33613a30d928d74d7e1e0 { padding:0px; margin: 0; padding-top:1em!important; padding-bottom:1em!important; width:100%; display: block; font-weight:bold; background-color:#eaeaea; border:0!important; border-left:4px solid #8E44AD!important; box-shadow: 0 1px 2px rgba(0, 0, 0, 0.17); -moz-box-shadow: 0 1px 2px rgba(0, 0, 0, 0.17); -o-box-shadow: 0 1px 2px rgba(0, 0, 0, 0.17); -webkit-box-shadow: 0 1px 2px rgba(0, 0, 0, 0.17); text-decoration:none; } .u8151cbe5f0f33613a30d928d74d7e1e0:active, .u8151cbe5f0f33613a30d928d74d7e1e0:hover { opacity: 1; transition: opacity 250ms; webkit-transition: opacity 250ms; text-decoration:none; } .u8151cbe5f0f33613a30d928d74d7e1e0 { transition: background-color 250ms; webkit-transition: background-color 250ms; opacity: 1; transition: opacity 250ms; webkit-transition: opacity 250ms; } .u8151cbe5f0f33613a30d928d74d7e1e0 .ctaText { font-weight:bold; color:#000000; text-decoration:none; font-size: 16px; } .u8151cbe5f0f33613a30d928d74d7e1e0 .postTitle { color:#000000; text-decoration: underline!important; font-size: 16px; } .u8151cbe5f0f33613a30d928d74d7e1e0:hover .postTitle { text-decoration: underline!important; }]]><\/style>\n<div style=\"padding-left:1em; padding-right:1em;\"><span class=\"ctaText\">Related:<\/span> <span class=\"postTitle\">Novak Djokovic Verm\u00f6gen<\/span><\/div>\n<\/div>\n<p>Von 2006 bis 2013 moderierte Rather &#8222;Dan Rather Reports&#8220;. Die Show war von 2006 bis 2013 eine st\u00fcndliche investigative Nachrichtensendung.<\/p>\n<p>Seitdem hat er viele andere Projekte f\u00fcr AXS TV moderiert, darunter &#8218;Dan Rather Presents&#8216;, das ausf\u00fchrliche Berichte \u00fcber breite Themen wie psychische Gesundheit oder Adoption bietet, und &#8218;The Big Interview with Dan Rather&#8216;, in dem er lange Interviews mit Musikern und anderen Entertainern f\u00fchrt.<\/p>\n<p>Ab 2022 wird Dan Rathers Verm\u00f6gen auf rund 70 Millionen Dollar gesch\u00e4tzt. <\/p>\n<\/p>\n<h2>Wie gibt Dan Rather sein Geld aus?<\/h2>\n<p>Dan Rather gibt einen Teil seines Geldes f\u00fcr Immobilien und Spenden an verschiedene Schulen aus. <\/p>\n<\/p>\n<h3>Dan Rather&#8217;s Haus<\/h3>\n<p>Rather besitzt ein sch\u00f6nes Haus in Livingston Manor, New York. <\/p>\n<\/p>\n<h3>Dan Rather&#8217;s Spenden<\/h3>\n<p>Rather verschenkte 2 Millionen Dollar an eine Universit\u00e4t in Texas. <\/p>\n<\/p>\n<h2>H\u00f6hepunkte<\/h2>\n<p>Hier sind einige der besten H\u00f6hepunkte von Dan Rathers Karriere:<\/p>\n<ul>\n<li>Rather wurde zum Nachrichtensprecher f\u00fcr die CBS-Abendnachrichten bef\u00f6rdert (1981)<\/li>\n<li>Er leistete h\u00e4ufig Beitr\u00e4ge f\u00fcr das w\u00f6chentliche Nachrichtenmagazin von CBS, 60 Minutes<\/li>\n<\/ul>\n<h2>Lieblingszitate von Dan Rather<\/h2>\n<p><em>&#8222;Musik ist wichtig. Sie sagt Dinge, die dein Herz auf keine andere Weise sagen kann, und in einer Sprache, die jeder spricht. Musik \u00fcberschreitet Grenzen, verwandelt L\u00e4cheln in Stirnrunzeln und umgekehrt. Diese Beobachtungen werden mit einer Hoffnung geteilt: dass die Schulen, wenn sie den Musikunterricht k\u00fcrzen, wirklich dar\u00fcber nachdenken, was sie tun &#8211; und Musik nicht als selbstverst\u00e4ndlich ansehen.&#8220; <\/em><strong>&#8211; Dan Rather<\/strong><\/p>\n<p><em>&#8222;Die Presse ist ein Wachhund. Nicht ein Kampfhund. Kein Scho\u00dfh\u00fcndchen. Ein Wachhund. Nun kann ein Wachhund nicht immer Recht haben. Er bellt nicht nur, wenn er etwas Gef\u00e4hrliches sieht oder riecht. Ein guter Wachhund bellt bei Dingen, die verd\u00e4chtig sind.&#8220; <\/em><strong>&#8211; Dan Rather<\/strong><\/p>\n<p><em>&#8222;Von den Stra\u00dfen Kairos und dem Arabischen Fr\u00fchling bis zu Occupy Wall Street, vom vollen politischen Terminkalender bis zu den Folgen des Tsunamis in Japan, die sozialen Medien haben die Nachrichten nicht nur geteilt, sondern auch vorangetrieben.&#8220; <\/em><strong>&#8211; Dan Rather<\/strong><\/p>\n<div style=\"clear:both; margin-top:0em; margin-bottom:1em;\">\n<style><![CDATA[.u8ea4263694ce5a2cc41c2fb99508c1a6 { padding:0px; margin: 0; padding-top:1em!important; padding-bottom:1em!important; width:100%; display: block; font-weight:bold; background-color:#eaeaea; border:0!important; border-left:4px solid #8E44AD!important; box-shadow: 0 1px 2px rgba(0, 0, 0, 0.17); -moz-box-shadow: 0 1px 2px rgba(0, 0, 0, 0.17); -o-box-shadow: 0 1px 2px rgba(0, 0, 0, 0.17); -webkit-box-shadow: 0 1px 2px rgba(0, 0, 0, 0.17); text-decoration:none; } .u8ea4263694ce5a2cc41c2fb99508c1a6:active, .u8ea4263694ce5a2cc41c2fb99508c1a6:hover { opacity: 1; transition: opacity 250ms; webkit-transition: opacity 250ms; text-decoration:none; } .u8ea4263694ce5a2cc41c2fb99508c1a6 { transition: background-color 250ms; webkit-transition: background-color 250ms; opacity: 1; transition: opacity 250ms; webkit-transition: opacity 250ms; } .u8ea4263694ce5a2cc41c2fb99508c1a6 .ctaText { font-weight:bold; color:#000000; text-decoration:none; font-size: 16px; } .u8ea4263694ce5a2cc41c2fb99508c1a6 .postTitle { color:#000000; text-decoration: underline!important; font-size: 16px; } .u8ea4263694ce5a2cc41c2fb99508c1a6:hover .postTitle { text-decoration: underline!important; }]]><\/style>\n<div style=\"padding-left:1em; padding-right:1em;\"><span class=\"ctaText\">Related:<\/span> <span class=\"postTitle\">Nikki Bella Verm\u00f6gen<\/span><\/div>\n<\/div>\n<p><em>&#8222;Haben Sie sich jemals dar\u00fcber ge\u00e4rgert, dass Pr\u00e4sident Bush &#8211; der seine Zeit w\u00e4hrend des Vietnamkriegs in der Nationalgarde verbracht hat &#8211; faktisch eine Kampagne f\u00fchrt, die ihr Bestes tut, um Ihren Dienst in Vietnam herabzusetzen? Das muss Sie doch zumindest irritieren, oder haben Sie das getan?&#8220; <\/em><strong>&#8211; Dan Rather<\/strong><\/p>\n<p><em>&#8222;Michail Gorbatschow hat, wie viele gro\u00dfe Staatsoberh\u00e4upter, beeindruckende Augen&#8230;.Es gibt eine Art von Laserstrahl-Starren, eine erzwungene Qualit\u00e4t. Man merkt Gorbatschow an, dass dieser Blick nicht als etwas Friedliches in ihm selbst r\u00fcberkommt. Es ist der Blick eines menschlichen Vulkans, oder er w\u00fcrde ihn wahrscheinlich als menschliches Atomkraftwerk bezeichnen.&#8220; <\/em><strong>&#8211; Dan Rather<\/strong><\/p>\n<\/p>\n<h2>3 Lebenslektionen von Dan Rather<\/h2>\n<p>Nun, da Sie alles \u00fcber Dan Rathers Verm\u00f6gen und seinen Erfolg wissen, lassen Sie uns einen Blick auf einige der Lektionen werfen, die wir von ihm lernen k\u00f6nnen: <\/p>\n<\/p>\n<h3>1. Tr\u00e4ume<\/h3>\n<p>Der Traum beginnt mit einem Lehrer, der an dich glaubt, der dich zerrt und schubst und dich zum n\u00e4chsten Plateau f\u00fchrt, manchmal mit einem scharfen Stock, der &#8218;Wahrheit&#8216; hei\u00dft.&#8220;<\/p>\n<\/p>\n<h3>2. Schwierigkeiten <\/h3>\n<p>Wenn alle Schwierigkeiten am Anfang einer langen Reise bekannt w\u00e4ren, w\u00fcrden die meisten von uns gar nicht erst anfangen.<\/p>\n<\/p>\n<h3>3. Fakten <\/h3>\n<p>Spotte nicht mit dem Alligator, bevor du den Bach \u00fcberquert hast.<\/p>\n<\/p>\n<h2>Zusammenfassung <\/h2>\n<p>Dan Rather ist ein amerikanischer Journalist. Rather war von 1981 bis 2005 Moderator der CBS Evening News.<\/p>\n<p>Er wuchs in Houston, Texas, auf. Seinen Bachelor-Abschluss in Journalismus machte er 1953 an der Sam Houston State University. Nach der Schule arbeitete er f\u00fcr den Houston Chronicle und war als Play-by-Play-Ansager f\u00fcr das Football-Team der University of Houston t\u00e4tig. <\/p>\n<p>Ab 2022 wird das Verm\u00f6gen von Dan Rather auf rund 70 Millionen Dollar gesch\u00e4tzt. <\/p>\n<h3>Was denken Sie \u00fcber Dan Rather&#8217;s Verm\u00f6gen? Hinterlassen Sie unten einen Kommentar. <\/h3>\n<\/div>\n","protected":false},"excerpt":{"rendered":"<p>Was ist Dan Rather&#8217;s Verm\u00f6gen? Verm\u00f6gen: $70 Millionen Alter: 89 Geboren: Oktober 31, 1931 Herkunftsland: Vereinigte Staaten von Amerika Quelle des Wohlstands: Journalist Letzte Aktualisierung: 2021 Einleitung Dan Rather ist ein amerikanischer Journalist. Er ist auch ein ehemaliger Moderator der nationalen Abendnachrichten. Er begann seine Karriere in Texas und wurde landesweit bekannt, nachdem seine Berichterstattung [&hellip;]<\/p>\n","protected":false},"author":2,"featured_media":0,"comment_status":"open","ping_status":"closed","sticky":false,"template":"","format":"standard","meta":{"footnotes":""},"categories":[47],"tags":[],"class_list":{"0":"post-25039","1":"post","2":"type-post","3":"status-publish","4":"format-standard","6":"category-allgemein"},"yoast_head":"<!-- This site is optimized with the Yoast SEO plugin v25.3.1 - https:\/\/yoast.com\/wordpress\/plugins\/seo\/ -->\n<title>Dan Rather Verm\u00f6gen - The Website of Informations<\/title>\n<meta name=\"robots\" content=\"index, follow, max-snippet:-1, max-image-preview:large, max-video-preview:-1\" \/>\n<link rel=\"canonical\" href=\"https:\/\/www.projectliberty.org\/de\/dan-rather-vermoegen\/\" \/>\n<meta property=\"og:locale\" content=\"de_DE\" \/>\n<meta property=\"og:type\" content=\"article\" \/>\n<meta property=\"og:title\" content=\"Dan Rather Verm\u00f6gen - The Website of Informations\" \/>\n<meta property=\"og:description\" content=\"Was ist Dan Rather&#8217;s Verm\u00f6gen? Verm\u00f6gen: $70 Millionen Alter: 89 Geboren: Oktober 31, 1931 Herkunftsland: Vereinigte Staaten von Amerika Quelle des Wohlstands: Journalist Letzte Aktualisierung: 2021 Einleitung Dan Rather ist ein amerikanischer Journalist. Er ist auch ein ehemaliger Moderator der nationalen Abendnachrichten. Er begann seine Karriere in Texas und wurde landesweit bekannt, nachdem seine Berichterstattung [&hellip;]\" \/>\n<meta property=\"og:url\" content=\"https:\/\/www.projectliberty.org\/de\/dan-rather-vermoegen\/\" \/>\n<meta property=\"og:site_name\" content=\"The Website of Informations\" \/>\n<meta property=\"article:published_time\" content=\"2022-01-31T10:38:20+00:00\" \/>\n<meta name=\"author\" content=\"Anthony William\" \/>\n<meta name=\"twitter:card\" content=\"summary_large_image\" \/>\n<meta name=\"twitter:label1\" content=\"Verfasst von\" \/>\n\t<meta name=\"twitter:data1\" content=\"Anthony William\" \/>\n\t<meta name=\"twitter:label2\" content=\"Gesch\u00e4tzte Lesezeit\" \/>\n\t<meta name=\"twitter:data2\" content=\"5\u00a0Minuten\" \/>\n<script type=\"application\/ld+json\" class=\"yoast-schema-graph\">{\"@context\":\"https:\/\/schema.org\",\"@graph\":[{\"@type\":\"WebPage\",\"@id\":\"https:\/\/www.projectliberty.org\/de\/dan-rather-vermoegen\/\",\"url\":\"https:\/\/www.projectliberty.org\/de\/dan-rather-vermoegen\/\",\"name\":\"Dan Rather Verm\u00f6gen - The Website of Informations\",\"isPartOf\":{\"@id\":\"https:\/\/www.projectliberty.org\/#website\"},\"datePublished\":\"2022-01-31T10:38:20+00:00\",\"author\":{\"@id\":\"https:\/\/www.projectliberty.org\/#\/schema\/person\/26d70862eb5cf88d95e0524f4813b365\"},\"breadcrumb\":{\"@id\":\"https:\/\/www.projectliberty.org\/de\/dan-rather-vermoegen\/#breadcrumb\"},\"inLanguage\":\"de\",\"potentialAction\":[{\"@type\":\"ReadAction\",\"target\":[\"https:\/\/www.projectliberty.org\/de\/dan-rather-vermoegen\/\"]}]},{\"@type\":\"BreadcrumbList\",\"@id\":\"https:\/\/www.projectliberty.org\/de\/dan-rather-vermoegen\/#breadcrumb\",\"itemListElement\":[{\"@type\":\"ListItem\",\"position\":1,\"name\":\"Home\",\"item\":\"https:\/\/www.projectliberty.org\/\"},{\"@type\":\"ListItem\",\"position\":2,\"name\":\"Dan Rather Verm\u00f6gen\"}]},{\"@type\":\"WebSite\",\"@id\":\"https:\/\/www.projectliberty.org\/#website\",\"url\":\"https:\/\/www.projectliberty.org\/\",\"name\":\"The Website of Informations\",\"description\":\"Just another WordPress site\",\"potentialAction\":[{\"@type\":\"SearchAction\",\"target\":{\"@type\":\"EntryPoint\",\"urlTemplate\":\"https:\/\/www.projectliberty.org\/?s={search_term_string}\"},\"query-input\":{\"@type\":\"PropertyValueSpecification\",\"valueRequired\":true,\"valueName\":\"search_term_string\"}}],\"inLanguage\":\"de\"},{\"@type\":\"Person\",\"@id\":\"https:\/\/www.projectliberty.org\/#\/schema\/person\/26d70862eb5cf88d95e0524f4813b365\",\"name\":\"Anthony William\",\"image\":{\"@type\":\"ImageObject\",\"inLanguage\":\"de\",\"@id\":\"https:\/\/www.projectliberty.org\/#\/schema\/person\/image\/\",\"url\":\"https:\/\/secure.gravatar.com\/avatar\/e66b6bd62abc29635862a92fb64ae1fd3bf3ba48f22ad069b9e9d4af94faf44e?s=96&d=mm&r=g\",\"contentUrl\":\"https:\/\/secure.gravatar.com\/avatar\/e66b6bd62abc29635862a92fb64ae1fd3bf3ba48f22ad069b9e9d4af94faf44e?s=96&d=mm&r=g\",\"caption\":\"Anthony William\"}}]}<\/script>\n<!-- \/ Yoast SEO plugin. -->","yoast_head_json":{"title":"Dan Rather Verm\u00f6gen - The Website of Informations","robots":{"index":"index","follow":"follow","max-snippet":"max-snippet:-1","max-image-preview":"max-image-preview:large","max-video-preview":"max-video-preview:-1"},"canonical":"https:\/\/www.projectliberty.org\/de\/dan-rather-vermoegen\/","og_locale":"de_DE","og_type":"article","og_title":"Dan Rather Verm\u00f6gen - The Website of Informations","og_description":"Was ist Dan Rather&#8217;s Verm\u00f6gen? Verm\u00f6gen: $70 Millionen Alter: 89 Geboren: Oktober 31, 1931 Herkunftsland: Vereinigte Staaten von Amerika Quelle des Wohlstands: Journalist Letzte Aktualisierung: 2021 Einleitung Dan Rather ist ein amerikanischer Journalist. Er ist auch ein ehemaliger Moderator der nationalen Abendnachrichten. Er begann seine Karriere in Texas und wurde landesweit bekannt, nachdem seine Berichterstattung [&hellip;]","og_url":"https:\/\/www.projectliberty.org\/de\/dan-rather-vermoegen\/","og_site_name":"The Website of Informations","article_published_time":"2022-01-31T10:38:20+00:00","author":"Anthony William","twitter_card":"summary_large_image","twitter_misc":{"Verfasst von":"Anthony William","Gesch\u00e4tzte Lesezeit":"5\u00a0Minuten"},"schema":{"@context":"https:\/\/schema.org","@graph":[{"@type":"WebPage","@id":"https:\/\/www.projectliberty.org\/de\/dan-rather-vermoegen\/","url":"https:\/\/www.projectliberty.org\/de\/dan-rather-vermoegen\/","name":"Dan Rather Verm\u00f6gen - The Website of Informations","isPartOf":{"@id":"https:\/\/www.projectliberty.org\/#website"},"datePublished":"2022-01-31T10:38:20+00:00","author":{"@id":"https:\/\/www.projectliberty.org\/#\/schema\/person\/26d70862eb5cf88d95e0524f4813b365"},"breadcrumb":{"@id":"https:\/\/www.projectliberty.org\/de\/dan-rather-vermoegen\/#breadcrumb"},"inLanguage":"de","potentialAction":[{"@type":"ReadAction","target":["https:\/\/www.projectliberty.org\/de\/dan-rather-vermoegen\/"]}]},{"@type":"BreadcrumbList","@id":"https:\/\/www.projectliberty.org\/de\/dan-rather-vermoegen\/#breadcrumb","itemListElement":[{"@type":"ListItem","position":1,"name":"Home","item":"https:\/\/www.projectliberty.org\/"},{"@type":"ListItem","position":2,"name":"Dan Rather Verm\u00f6gen"}]},{"@type":"WebSite","@id":"https:\/\/www.projectliberty.org\/#website","url":"https:\/\/www.projectliberty.org\/","name":"The Website of Informations","description":"Just another WordPress site","potentialAction":[{"@type":"SearchAction","target":{"@type":"EntryPoint","urlTemplate":"https:\/\/www.projectliberty.org\/?s={search_term_string}"},"query-input":{"@type":"PropertyValueSpecification","valueRequired":true,"valueName":"search_term_string"}}],"inLanguage":"de"},{"@type":"Person","@id":"https:\/\/www.projectliberty.org\/#\/schema\/person\/26d70862eb5cf88d95e0524f4813b365","name":"Anthony William","image":{"@type":"ImageObject","inLanguage":"de","@id":"https:\/\/www.projectliberty.org\/#\/schema\/person\/image\/","url":"https:\/\/secure.gravatar.com\/avatar\/e66b6bd62abc29635862a92fb64ae1fd3bf3ba48f22ad069b9e9d4af94faf44e?s=96&d=mm&r=g","contentUrl":"https:\/\/secure.gravatar.com\/avatar\/e66b6bd62abc29635862a92fb64ae1fd3bf3ba48f22ad069b9e9d4af94faf44e?s=96&d=mm&r=g","caption":"Anthony William"}}]}},"_links":{"self":[{"href":"https:\/\/www.projectliberty.org\/de\/wp-json\/wp\/v2\/posts\/25039","targetHints":{"allow":["GET"]}}],"collection":[{"href":"https:\/\/www.projectliberty.org\/de\/wp-json\/wp\/v2\/posts"}],"about":[{"href":"https:\/\/www.projectliberty.org\/de\/wp-json\/wp\/v2\/types\/post"}],"author":[{"embeddable":true,"href":"https:\/\/www.projectliberty.org\/de\/wp-json\/wp\/v2\/users\/2"}],"replies":[{"embeddable":true,"href":"https:\/\/www.projectliberty.org\/de\/wp-json\/wp\/v2\/comments?post=25039"}],"version-history":[{"count":0,"href":"https:\/\/www.projectliberty.org\/de\/wp-json\/wp\/v2\/posts\/25039\/revisions"}],"wp:attachment":[{"href":"https:\/\/www.projectliberty.org\/de\/wp-json\/wp\/v2\/media?parent=25039"}],"wp:term":[{"taxonomy":"category","embeddable":true,"href":"https:\/\/www.projectliberty.org\/de\/wp-json\/wp\/v2\/categories?post=25039"},{"taxonomy":"post_tag","embeddable":true,"href":"https:\/\/www.projectliberty.org\/de\/wp-json\/wp\/v2\/tags?post=25039"}],"curies":[{"name":"wp","href":"https:\/\/api.w.org\/{rel}","templated":true}]}}